{"id":4808,"date":"2026-04-30T00:35:10","date_gmt":"2026-04-30T00:35:10","guid":{"rendered":"https:\/\/tgdigital.com.mx\/?p=4808"},"modified":"2026-04-30T00:35:10","modified_gmt":"2026-04-30T00:35:10","slug":"la-uat-se-consolida-como-pilar-estrategico-para-el-desarrollo-de-tamaulipas-americo-villarreal","status":"publish","type":"post","link":"https:\/\/tgdigital.com.mx\/?p=4808","title":{"rendered":"La UAT se consolida como pilar estrat\u00e9gico para el desarrollo de Tamaulipas: Am\u00e9rico Villarreal."},"content":{"rendered":"<p>Ciudad Victoria, Tam.; 29 de abril de 2026.<\/p>\n<p>El gobernador Am\u00e9rico Villarreal Anaya destac\u00f3 la evoluci\u00f3n de la Universidad Aut\u00f3noma de Tamaulipas (UAT) hacia la excelencia, reconociendo que la administraci\u00f3n rectoral ha logrado una transformaci\u00f3n hist\u00f3rica al consolidar la calidad acad\u00e9mica y la vinculaci\u00f3n social, recuperando la misi\u00f3n sustantiva de la instituci\u00f3n en beneficio de Tamaulipas.<\/p>\n<p>Al asistir como invitado de honor al Segundo Informe del rector D\u00e1maso Anaya Alvarado, el mandatario estatal subray\u00f3 que la UAT es estrat\u00e9gica para el desarrollo del estado, y que la visi\u00f3n impulsada, desde su Plan de Desarrollo Institucional, ha permitido fortalecer la misi\u00f3n universitaria en rubros como cobertura, calidad educativa, investigaci\u00f3n, vinculaci\u00f3n y responsabilidad social, reflejados \u2014dijo\u2014 en este informe de logros y resultados.<\/p>\n<p>En ese sentido, resalt\u00f3 los avances en ampliaci\u00f3n de la matr\u00edcula, diversificaci\u00f3n de la oferta acad\u00e9mica, fortalecimiento de la investigaci\u00f3n y crecimiento de la vinculaci\u00f3n con sectores productivos y gubernamentales, reconociendo a la UAT como aliada en proyectos estrat\u00e9gicos para Tamaulipas y como referente nacional por sus aportaciones cient\u00edficas y de innovaci\u00f3n.<\/p>\n<p>Asimismo, destac\u00f3 la estrecha colaboraci\u00f3n entre el Gobierno del Estado y la UAT, se\u00f1alando que esta relaci\u00f3n ha permitido impulsar iniciativas de impacto regional en el desarrollo industrial y energ\u00e9tico, as\u00ed como en sustentabilidad y cohesi\u00f3n social, con reconocimiento incluso desde el \u00e1mbito nacional.<\/p>\n<p>En otra parte de su mensaje hizo referencia al reciente reconocimiento expresado por la presidenta Claudia Sheinbaum Pardo a las aportaciones de la UAT en ciencia e innovaci\u00f3n, reconociendo a la casa de estudios como aliada fundamental en la transformaci\u00f3n de Tamaulipas.<br \/>\nEl gobernador concluy\u00f3 su mensaje exhortando a la comunidad universitaria a mantener el rumbo de transformaci\u00f3n institucional, reconociendo a docentes, estudiantes y autoridades por consolidar una Universidad con sentido humanista, vocaci\u00f3n cient\u00edfica y compromiso con el futuro de Tamaulipas.<\/p>\n<p>M\u00c1S DE 20 000 BECAS Y CAPACITACI\u00d3N CERTIFICADA IMPULSAN A ESTUDIANTES: RECTOR.<\/p>\n<p>Por su parte, el rector D\u00e1maso Anaya resalt\u00f3 que la presentaci\u00f3n de su informe ante la Asamblea Universitaria es un ejercicio de rendici\u00f3n de cuentas que refrenda el rumbo de transformaci\u00f3n, fortalecimiento institucional y compromiso social de esta casa de estudios.<\/p>\n<p>Agradeci\u00f3 la presencia del gobernador Am\u00e9rico Villarreal, de la Dra. Olga Hern\u00e1ndez Lim\u00f3n, representante del Luis Armando Gonz\u00e1lez Placencia, secretario general ejecutivo de la Asociaci\u00f3n Nacional de Universidades e Instituciones de Educaci\u00f3n Superior (ANUIES), as\u00ed como de la Dra. Mar\u00eda de Villarreal, presidenta del Sistema DIF Tamaulipas y la Lic. Isolda Rend\u00f3n de Anaya, presidenta de Familia UAT, en un marco que reafirm\u00f3 la convergencia entre universidad, gobierno e instituciones para fortalecer la educaci\u00f3n superior.<\/p>\n<p>Resalt\u00f3 la sinergia que la UAT mantiene con el Gobierno del Estado para impulsar proyectos estrat\u00e9gicos en beneficio de la sociedad tamaulipeca, y present\u00f3 un balance de avances que consolida una etapa de transformaci\u00f3n con visi\u00f3n humanista, innovaci\u00f3n y sentido social.<\/p>\n<p>Entre los principales resultados, resalt\u00f3 una matr\u00edcula superior a 42 000 estudiantes; el cien por ciento de los programas de licenciatura acreditados; el crecimiento de la investigaci\u00f3n de 106 a 201 proyectos activos; una inversi\u00f3n superior a 232 millones de pesos en infraestructura; as\u00ed como una oferta de 182 programas acad\u00e9micos que fortalecen la pertinencia educativa y el desarrollo regional.<\/p>\n<p>Dijo tambi\u00e9n que se han otorgado a estudiantes m\u00e1s de 20 000 becas y m\u00e1s de cinco mil est\u00edmulos econ\u00f3micos, as\u00ed como un programa de cursos de capacitaci\u00f3n y certificaci\u00f3n que dispone de m\u00e1s de 20 000 microcredenciales.<\/p>\n<p>Enfatiz\u00f3 tambi\u00e9n la vinculaci\u00f3n con sectores sociales y productivos, as\u00ed como el impulso a proyectos para el desarrollo regional, reiterando que la transformaci\u00f3n de la UAT es resultado del trabajo colectivo y del compromiso de avanzar con rumbo, responsabilidad social y visi\u00f3n de futuro.<br \/>\nRECONOCE LA ANUIES AVANCES HIST\u00d3RICOS DE LA UAT.<\/p>\n<p>Por su parte, Olga Hern\u00e1ndez Lim\u00f3n, en representaci\u00f3n de la ANUIES, reconoci\u00f3 los avances de la UAT, resaltando que por primera vez en su historia logr\u00f3 la acreditaci\u00f3n del cien por ciento de los programas evaluables de licenciatura y t\u00e9cnico superior universitario.<\/p>\n<p>Puntualiz\u00f3 el liderazgo rectoral y la articulaci\u00f3n con los gobiernos estatal y federal como una sinergia que fortalece el papel de la universidad p\u00fablica en la transformaci\u00f3n de Tamaulipas.<\/p>\n<p>Desde el Centro de Excelencia del Campus Victoria, el evento se desarroll\u00f3 mediante video transmisi\u00f3n a trav\u00e9s de redes sociales y enlaces en las distintas sedes de la UAT en el norte, centro y sur del estado, ampliando su alcance a la comunidad universitaria y a la sociedad.<\/p>\n<p>Como parte del acto protocolario, el rector hizo entrega del documento de su Segundo Informe al gobernador del estado, en un acto que simboliz\u00f3 el compromiso institucional de la UAT con la transparencia, la rendici\u00f3n de cuentas y su contribuci\u00f3n al desarrollo de Tamaulipas.<\/p>\n","protected":false},"excerpt":{"rendered":"<p>Ciudad Victoria, Tam.; 29 de abril de 2026. El gobernador Am\u00e9rico Villarreal Anaya destac\u00f3 la<\/p>\n","protected":false},"author":1,"featured_media":4809,"comment_status":"open","ping_status":"open","sticky":false,"template":"","format":"standard","meta":{"footnotes":""},"categories":[11,17],"tags":[],"class_list":["post-4808","post","type-post","status-publish","format-standard","has-post-thumbnail","hentry","category-tamaulipas","category-uat"],"_links":{"self":[{"href":"https:\/\/tgdigital.com.mx\/index.php?rest_route=\/wp\/v2\/posts\/4808","targetHints":{"allow":["GET"]}}],"collection":[{"href":"https:\/\/tgdigital.com.mx\/index.php?rest_route=\/wp\/v2\/posts"}],"about":[{"href":"https:\/\/tgdigital.com.mx\/index.php?rest_route=\/wp\/v2\/types\/post"}],"author":[{"embeddable":true,"href":"https:\/\/tgdigital.com.mx\/index.php?rest_route=\/wp\/v2\/users\/1"}],"replies":[{"embeddable":true,"href":"https:\/\/tgdigital.com.mx\/index.php?rest_route=%2Fwp%2Fv2%2Fcomments&post=4808"}],"version-history":[{"count":1,"href":"https:\/\/tgdigital.com.mx\/index.php?rest_route=\/wp\/v2\/posts\/4808\/revisions"}],"predecessor-version":[{"id":4810,"href":"https:\/\/tgdigital.com.mx\/index.php?rest_route=\/wp\/v2\/posts\/4808\/revisions\/4810"}],"wp:featuredmedia":[{"embeddable":true,"href":"https:\/\/tgdigital.com.mx\/index.php?rest_route=\/wp\/v2\/media\/4809"}],"wp:attachment":[{"href":"https:\/\/tgdigital.com.mx\/index.php?rest_route=%2Fwp%2Fv2%2Fmedia&parent=4808"}],"wp:term":[{"taxonomy":"category","embeddable":true,"href":"https:\/\/tgdigital.com.mx\/index.php?rest_route=%2Fwp%2Fv2%2Fcategories&post=4808"},{"taxonomy":"post_tag","embeddable":true,"href":"https:\/\/tgdigital.com.mx\/index.php?rest_route=%2Fwp%2Fv2%2Ftags&post=4808"}],"curies":[{"name":"wp","href":"https:\/\/api.w.org\/{rel}","templated":true}]}}